{"id":940,"date":"2019-07-01T13:09:00","date_gmt":"2019-07-01T11:09:00","guid":{"rendered":"https:\/\/www.reform-fenster.at\/blog\/?p=940"},"modified":"2019-09-02T15:21:47","modified_gmt":"2019-09-02T13:21:47","slug":"geschichte-des-fensters","status":"publish","type":"post","link":"https:\/\/www.reform-fenster.at\/magazin\/2019\/07\/01\/geschichte-des-fensters\/","title":{"rendered":"Das Fenster \u2013 Geschichte einer genialen Erfindung"},"content":{"rendered":"<h2>Am Anfang war das Loch in der Wand<\/h2>\n<p>So lange ist es noch nicht her, dass Menschen begannen H\u00e4user zu bauen. Vor ca. 12.000 Jahren kam ihnen die Idee, sich eine feste Behausung zu bauen.<br \/>\nEs ergab sich jedoch rasch das Problem: Was tun gegen den Rauch der Feuerstelle im Inneren und gegen den Lichtmangel?\u00a0Abhilfe schuf ein Loch in der Wand.<br \/>\nDamit kamen jedoch neue Probleme auf die Siedler zu: Durch die \u00d6ffnung entwich die W\u00e4rme und Wind und K\u00e4lte drangen ins Innere.<\/p>\n<div id=\"attachment_934\" style=\"width: 810px\" class=\"wp-caption alignnone\"><img aria-describedby=\"caption-attachment-934\" loading=\"lazy\" class=\"wp-image-934\" src=\"https:\/\/www.reform-fenster.at\/magazin\/wp-content\/uploads\/2019\/07\/stockvault-neolithic-dwelling-in-edirne-turkey116254-1024x768.jpg\" alt=\"Steinbehausung\" width=\"800\" height=\"600\" srcset=\"https:\/\/www.reform-fenster.at\/magazin\/wp-content\/uploads\/2019\/07\/stockvault-neolithic-dwelling-in-edirne-turkey116254-1024x768.jpg 1024w, https:\/\/www.reform-fenster.at\/magazin\/wp-content\/uploads\/2019\/07\/stockvault-neolithic-dwelling-in-edirne-turkey116254-300x225.jpg 300w\" sizes=\"(max-width: 800px) 100vw, 800px\" \/><p id=\"caption-attachment-934\" class=\"wp-caption-text\">Steinbehausung<\/p><\/div>\n<p>Die \u00e4ltesten Behausungen wurden noch ohne Fenster gebaut. Eingang und Luftabzug dienten als Lichtquelle und zum Luftaustausch.<br \/>\nIn der Jungsteinzeit gab es dann bereits H\u00e4user mit <strong>schlitzartigen Licht\u00f6ffnungen<\/strong> und erste <strong>ladenartige Fensterverschl\u00fcsse<\/strong>.<\/p>\n<h2>Die ersten Fensterverschlussmaterialien<\/h2>\n<p>In der Bronze- und Eisenzeit kamen bei den Fenster\u00f6ffnungen abgekratzten und gestreckten <strong>Tierh\u00e4uten<\/strong>, die in \u00d6l getaucht waren, zum Einsatz.<br \/>\nDiese rudiment\u00e4ren Fenster waren wasserdicht und lie\u00dfen zumindest etwas Licht ins Innere dringen.<br \/>\nDie alten \u00c4gypter verwendeten ebenfalls Tierh\u00e4ute, aber auch <strong>Alabaster<\/strong> f\u00fcr den Verschluss von Fenster\u00f6ffnungen.<\/p>\n<h2>Die alten R\u00f6mer, das erste Glas und die Atrien<\/h2>\n<p>Die R\u00f6mer der Antike experimentierten erstmalig mit Glas. Die <strong>ersten Fensterscheiben<\/strong> waren auf einer Seite rau und nicht durchsichtig. Im 2. Jahrhundert n. Chr. entstanden erstmals Glasscheiben, die auf beiden Seiten eine glatte Oberfl\u00e4che aufwiesen.<\/p>\n<div id=\"attachment_937\" style=\"width: 610px\" class=\"wp-caption alignnone\"><img aria-describedby=\"caption-attachment-937\" loading=\"lazy\" class=\"wp-image-937\" src=\"https:\/\/www.reform-fenster.at\/magazin\/wp-content\/uploads\/2019\/07\/carnuntum-686649_1280-1024x576.jpg\" alt=\"Rekonstruktion eines r\u00f6mischen Fensters - Carnuntum\" width=\"600\" height=\"338\" srcset=\"https:\/\/www.reform-fenster.at\/magazin\/wp-content\/uploads\/2019\/07\/carnuntum-686649_1280-1024x576.jpg 1024w, https:\/\/www.reform-fenster.at\/magazin\/wp-content\/uploads\/2019\/07\/carnuntum-686649_1280-300x169.jpg 300w, https:\/\/www.reform-fenster.at\/magazin\/wp-content\/uploads\/2019\/07\/carnuntum-686649_1280.jpg 1280w\" sizes=\"(max-width: 600px) 100vw, 600px\" \/><p id=\"caption-attachment-937\" class=\"wp-caption-text\">Rekonstruktion eines r\u00f6mischen Fensters &#8211; Carnuntum<\/p><\/div>\n<p>Glasfenster konnten sich in der Antike nur Reiche leisten. Sie blieben auf die wichtigsten Geb\u00e4ude der Siedlungen beschr\u00e4nkt.<br \/>\nIm S\u00fcden profitierten die R\u00f6mer vom milden Klima. Anstelle von Fenstern entstanden in den r\u00f6mischen Villen <strong>Atrien<\/strong>. Das waren offene Innenh\u00f6fe, durch die Licht von oben kam und die umliegenden R\u00e4ume erhellen konnte.<\/p>\n<h2>Im Norden hatte man es schwerer<\/h2>\n<p>Im Norden war das Klima hingegen wesentlich rauer und die Siedler mussten sich vor Zugluft, Schnee und Regen sch\u00fctzen.<br \/>\nBis ins sp\u00e4te Mittelalter bestanden Fenster hier haupts\u00e4chlich aus den bereits erw\u00e4hnten <strong>Tierh\u00e4uten<\/strong> und dem daraus hergestellten <strong>Pergament<\/strong> oder <strong>Leinenstoff<\/strong>.<\/p>\n<div id=\"attachment_935\" style=\"width: 610px\" class=\"wp-caption alignnone\"><a href=\"https:\/\/www.campus-galli.de\/fenster-aus-pergament\/\"><img aria-describedby=\"caption-attachment-935\" loading=\"lazy\" class=\"wp-image-935\" src=\"https:\/\/www.reform-fenster.at\/magazin\/wp-content\/uploads\/2019\/07\/Pergamentfenster-1024x1024.jpg\" alt=\"Mittelalterliches Fenster mit Pergament bespannt \" width=\"600\" height=\"600\" srcset=\"https:\/\/www.reform-fenster.at\/magazin\/wp-content\/uploads\/2019\/07\/Pergamentfenster-1024x1024.jpg 1024w, https:\/\/www.reform-fenster.at\/magazin\/wp-content\/uploads\/2019\/07\/Pergamentfenster-150x150.jpg 150w, https:\/\/www.reform-fenster.at\/magazin\/wp-content\/uploads\/2019\/07\/Pergamentfenster-300x300.jpg 300w\" sizes=\"(max-width: 600px) 100vw, 600px\" \/><\/a><p id=\"caption-attachment-935\" class=\"wp-caption-text\">Mittelalterliches Fenster mit Pergament bespannt<\/p><\/div>\n<p>Gegen K\u00e4lte und Wind kamen <strong>h\u00f6lzerne Fensterl\u00e4den<\/strong> zum Einsatz.<br \/>\n<strong>Glas<\/strong> gab es zwar auch n\u00f6rdlich der Alpen seit dem 5. Jahrhundert. Allerdings blieb dieser luxuri\u00f6se Werkstoff dem Kirchenbau und einigen wenigen Privath\u00e4usern vorbehalten.<br \/>\nNeben der Herausforderung des Fensterverschlussmaterials mussten sich die Menschen beim Fensterbau auch mit der Statik auseinandersetzen.<br \/>\nMauerw\u00e4nde erfordern einen geeigneten oberen Abschluss der Mauer\u00f6ffnung f\u00fcr die Fenster, die die statischen Druckkr\u00e4fte um das Fenster herumleiten.<\/p>\n<h2>Glas und Fenster entwickelten sich weiter<\/h2>\n<p>Bis ins 20. Jahrhundert wurde <strong>Fensterglas<\/strong> auf <strong>zwei Arten<\/strong> hergestellt.<\/p>\n<ul>\n<li>Zum einen blies man geschmolzenes Glas zu <strong>Zylindern<\/strong>, die aufgeschnitten und flach <strong>gewalzt<\/strong> wurden. Durch die produktionsbedingten Einschl\u00fcsse und Unebenheiten war das Glas jedoch nicht besonders hochwertig.<\/li>\n<li>Die zweite Art Glasplatten herzustellen war das <strong>Gussverfahren<\/strong>. Dabei goss man geschmolzenes Glas auf spezielle Tische und walzte es flach. Danach wurden die Platten geschliffen und poliert. Durch den aufwendigen Prozess war dieses Glas teuer.<\/li>\n<\/ul>\n<p>Fenster wurden meist aus mehreren Glasscheiben zusammengesetzt. Sprossenfenster, Bleiglasfenster oder Butzenglasfenster zeigen, wie das damals gemacht wurde.<\/p>\n<ul>\n<li>Bei <strong>Sprossenfenstern<\/strong> befinden sich zwischen den einzelnen Scheiben schmale St\u00e4be aus Holz- oder Metall.<\/li>\n<li>Bei <strong>Bleiglasfenster<\/strong> werden viele einzelne Glasst\u00fccke mit Bleiprofilen zusammengehalten.<\/li>\n<li><strong>Butzenscheiben<\/strong> sind runde, kleine Glasscheiben, die mit Bleistegen zusammengesetzt sind.<\/li>\n<\/ul>\n<div id=\"attachment_936\" style=\"width: 710px\" class=\"wp-caption alignnone\"><img aria-describedby=\"caption-attachment-936\" loading=\"lazy\" class=\"wp-image-936\" src=\"https:\/\/www.reform-fenster.at\/magazin\/wp-content\/uploads\/2019\/07\/window-348922_1920-1024x715.jpg\" alt=\"Butzenglasfenster\" width=\"700\" height=\"489\" srcset=\"https:\/\/www.reform-fenster.at\/magazin\/wp-content\/uploads\/2019\/07\/window-348922_1920-1024x715.jpg 1024w, https:\/\/www.reform-fenster.at\/magazin\/wp-content\/uploads\/2019\/07\/window-348922_1920-300x210.jpg 300w, https:\/\/www.reform-fenster.at\/magazin\/wp-content\/uploads\/2019\/07\/window-348922_1920.jpg 1920w\" sizes=\"(max-width: 700px) 100vw, 700px\" \/><p id=\"caption-attachment-936\" class=\"wp-caption-text\">Butzenglasfenster<\/p><\/div>\n<p><strong>Einfachfenster<\/strong>, also Fenster mit einer Scheibe, waren bis 1820 am weitesten verbreitet.<br \/>\nDanach versuchte man mit <strong>Doppelfenstern<\/strong> den h\u00f6heren Anforderungen an W\u00e4rmed\u00e4mmung und Winddichtheit zu begegnen. Hierbei werden zwei Glasscheiben in einen Fensterfl\u00fcgel montiert. Der Zwischenraum soll den W\u00e4rmeverlust begrenzen.<\/p>\n<h2>Die moderne Glasproduktion und das Fenster von heute<\/h2>\n<p>Anfang des 20. Jahrhunderts gelang in der Flachglasproduktion ein gro\u00dfer Fortschritt. \u00c9mile Fourcault entwickelte ein Verfahren der <strong>Ziehglasherstellung<\/strong>.<br \/>\nDabei wird ein Glasband aus der Schmelze gezogen und in einen K\u00fchlkanal geleitet.<br \/>\nDer endg\u00fcltige Durchbruch gelang 1959 mit der Entwicklung des <strong>Floatglasverfahrens<\/strong>. Die Glasschmelze wird auf ein Bad aus fl\u00fcssigem Zinn gegossen und breitet sich darauf gleichm\u00e4\u00dfig aus. Das Glas wird von Rollen erfasst und auf die gew\u00fcnschte Dicke gestreckt. In einem K\u00fchlkanal wird es abgek\u00fchlt und am Ende geschnitten.<br \/>\nDieses Verfahren erlaubt auch heute noch die Massenproduktion gro\u00dfer Glastafeln.<\/p>\n<p>Zus\u00e4tzlich gelangen bei der Weiterverarbeitung von Glasscheiben immer neue und bessere Varianten. Die Herstellung von <strong>Isolierglas<\/strong> erm\u00f6glicht inzwischen wieder das Einfachfenster bei gutem W\u00e4rmeschutz.<br \/>\nF\u00fcr Isolierglas werden zwei Glasscheiben \u00fcber einem Rahmen miteinander luftdicht verbunden. Da unbewegte Luft ein schlechter W\u00e4rmeleiter ist, isoliert der Luftraum zwischen den Scheiben besonders gut.<\/p>\n<div id=\"attachment_938\" style=\"width: 610px\" class=\"wp-caption alignnone\"><img aria-describedby=\"caption-attachment-938\" loading=\"lazy\" class=\"wp-image-938\" src=\"https:\/\/www.reform-fenster.at\/magazin\/wp-content\/uploads\/2019\/07\/Geneo-Bilddownload-1024x767.png\" alt=\"Isolierglas\" width=\"600\" height=\"449\" srcset=\"https:\/\/www.reform-fenster.at\/magazin\/wp-content\/uploads\/2019\/07\/Geneo-Bilddownload-1024x767.png 1024w, https:\/\/www.reform-fenster.at\/magazin\/wp-content\/uploads\/2019\/07\/Geneo-Bilddownload-300x225.png 300w\" sizes=\"(max-width: 600px) 100vw, 600px\" \/><p id=\"caption-attachment-938\" class=\"wp-caption-text\">Fenster mit Isolierglas<\/p><\/div>\n<p><strong>Moderne Fenster<\/strong> sind ein Wunderwerk der Technik und decken eine Vielfalt an M\u00f6glichkeiten ab.<br \/>\nPerfektes, lichtdurchl\u00e4ssiges und Glas wird in Kombination mit speziellen Rahmen und dank der vielf\u00e4ltigen technischen Verarbeitungsm\u00f6glichkeiten zu Fenstern, die keine W\u00fcnsche offenlassen.<br \/>\nNeben Energieeffizienz, Stabilit\u00e4t, Pflegeleichtigkeit, Witterungsbest\u00e4ndigkeit und Langlebigkeit \u00fcberzeugen Fenster heute mit Zusatzfunktionen, wie integriertem Sonnenschutz, Schalld\u00e4mmung und Einbruchshemmung.<br \/>\nAuch hinsichtlich Optik, Gr\u00f6\u00dfen und Formen sind modernen Fenstern fast keine Grenzen gesetzt.<\/p>\n<div id=\"attachment_939\" style=\"width: 610px\" class=\"wp-caption alignnone\"><img aria-describedby=\"caption-attachment-939\" loading=\"lazy\" class=\"wp-image-939\" src=\"https:\/\/www.reform-fenster.at\/magazin\/wp-content\/uploads\/2019\/07\/Neubau_Erker_Guglmugl_Linz-1024x671.jpg\" alt=\"Erker mit Glasfenstern\" width=\"600\" height=\"393\" srcset=\"https:\/\/www.reform-fenster.at\/magazin\/wp-content\/uploads\/2019\/07\/Neubau_Erker_Guglmugl_Linz-1024x671.jpg 1024w, https:\/\/www.reform-fenster.at\/magazin\/wp-content\/uploads\/2019\/07\/Neubau_Erker_Guglmugl_Linz-300x197.jpg 300w\" sizes=\"(max-width: 600px) 100vw, 600px\" \/><p id=\"caption-attachment-939\" class=\"wp-caption-text\">Erker mit Glasfenstern<\/p><\/div>\n<p>Wenn man bedenkt, dass die Fenster in der Menschheitsgeschichte noch gar nicht so lange existieren, ist die Entwicklung wirklich sehr beeindruckend.<\/p>\n<p>&nbsp;<\/p>\n<p>&nbsp;<\/p>\n","protected":false},"excerpt":{"rendered":"<p>Am Anfang war das Loch in der Wand So lange ist es noch nicht her, dass Menschen begannen H\u00e4user zu bauen. Vor ca. 12.000 Jahren kam ihnen die Idee, sich eine feste Behausung zu bauen. Es ergab sich jedoch rasch das Problem: Was tun gegen den Rauch der Feuerstelle im Inneren und gegen den Lichtmangel?\u00a0Abhilfe&#8230;<\/p>\n","protected":false},"author":2,"featured_media":935,"comment_status":"open","ping_status":"open","sticky":false,"template":"","format":"standard","meta":[],"categories":[112],"tags":[106,107,108],"yoast_head":"<!-- This site is optimized with the Yoast SEO plugin v14.7 - https:\/\/yoast.com\/wordpress\/plugins\/seo\/ -->\n<title>Das Fenster \u2013 Geschichte einer genialen Erfindung - Reform-Fenster Magazin<\/title>\n<meta name=\"description\" content=\"Die Geschichte des Fensters. Erfahren Sie alles \u00fcber Fenster, wieso Tierh\u00e4ute fr\u00fcher als Fensterscheiben dienten und seit wann es Glasfenster gibt.\" \/>\n<meta name=\"robots\" content=\"index, follow\" \/>\n<meta name=\"googlebot\" content=\"index, follow, max-snippet:-1, max-image-preview:large, max-video-preview:-1\" \/>\n<meta name=\"bingbot\" content=\"index, follow, max-snippet:-1, max-image-preview:large, max-video-preview:-1\" \/>\n<link rel=\"canonical\" href=\"https:\/\/www.reform-fenster.at\/magazin\/2019\/07\/01\/geschichte-des-fensters\/\" \/>\n<meta property=\"og:locale\" content=\"de_DE\" \/>\n<meta property=\"og:type\" content=\"article\" \/>\n<meta property=\"og:title\" content=\"Das Fenster \u2013 Geschichte einer genialen Erfindung - Reform-Fenster Magazin\" \/>\n<meta property=\"og:description\" content=\"Die Geschichte des Fensters. Erfahren Sie alles \u00fcber Fenster, wieso Tierh\u00e4ute fr\u00fcher als Fensterscheiben dienten und seit wann es Glasfenster gibt.\" \/>\n<meta property=\"og:url\" content=\"https:\/\/www.reform-fenster.at\/magazin\/2019\/07\/01\/geschichte-des-fensters\/\" \/>\n<meta property=\"og:site_name\" content=\"Reform-Fenster Magazin\" \/>\n<meta property=\"article:published_time\" content=\"2019-07-01T11:09:00+00:00\" \/>\n<meta property=\"article:modified_time\" content=\"2019-09-02T13:21:47+00:00\" \/>\n<meta property=\"og:image\" content=\"https:\/\/www.reform-fenster.at\/magazin\/wp-content\/uploads\/2019\/07\/Pergamentfenster-1024x1024.jpg\" \/>\n\t<meta property=\"og:image:width\" content=\"1024\" \/>\n\t<meta property=\"og:image:height\" content=\"1024\" \/>\n<meta name=\"twitter:card\" content=\"summary_large_image\" \/>\n<script type=\"application\/ld+json\" class=\"yoast-schema-graph\">{\"@context\":\"https:\/\/schema.org\",\"@graph\":[{\"@type\":\"WebSite\",\"@id\":\"https:\/\/www.reform-fenster.at\/magazin\/#website\",\"url\":\"https:\/\/www.reform-fenster.at\/magazin\/\",\"name\":\"Reform-Fenster Magazin\",\"description\":\"Magazin zum Thema Fenster und T\\u00fcren\",\"potentialAction\":[{\"@type\":\"SearchAction\",\"target\":\"https:\/\/www.reform-fenster.at\/magazin\/?s={search_term_string}\",\"query-input\":\"required name=search_term_string\"}],\"inLanguage\":\"de\"},{\"@type\":\"ImageObject\",\"@id\":\"https:\/\/www.reform-fenster.at\/magazin\/2019\/07\/01\/geschichte-des-fensters\/#primaryimage\",\"inLanguage\":\"de\",\"url\":\"https:\/\/www.reform-fenster.at\/magazin\/wp-content\/uploads\/2019\/07\/Pergamentfenster.jpg\",\"width\":3664,\"height\":3664,\"caption\":\"\"},{\"@type\":\"WebPage\",\"@id\":\"https:\/\/www.reform-fenster.at\/magazin\/2019\/07\/01\/geschichte-des-fensters\/#webpage\",\"url\":\"https:\/\/www.reform-fenster.at\/magazin\/2019\/07\/01\/geschichte-des-fensters\/\",\"name\":\"Das Fenster \\u2013 Geschichte einer genialen Erfindung - Reform-Fenster Magazin\",\"isPartOf\":{\"@id\":\"https:\/\/www.reform-fenster.at\/magazin\/#website\"},\"primaryImageOfPage\":{\"@id\":\"https:\/\/www.reform-fenster.at\/magazin\/2019\/07\/01\/geschichte-des-fensters\/#primaryimage\"},\"datePublished\":\"2019-07-01T11:09:00+00:00\",\"dateModified\":\"2019-09-02T13:21:47+00:00\",\"author\":{\"@id\":\"https:\/\/www.reform-fenster.at\/magazin\/#\/schema\/person\/0792533ad97b233e962f7f2bb1ea3ca7\"},\"description\":\"Die Geschichte des Fensters. Erfahren Sie alles \\u00fcber Fenster, wieso Tierh\\u00e4ute fr\\u00fcher als Fensterscheiben dienten und seit wann es Glasfenster gibt.\",\"inLanguage\":\"de\",\"potentialAction\":[{\"@type\":\"ReadAction\",\"target\":[\"https:\/\/www.reform-fenster.at\/magazin\/2019\/07\/01\/geschichte-des-fensters\/\"]}]},{\"@type\":[\"Person\"],\"@id\":\"https:\/\/www.reform-fenster.at\/magazin\/#\/schema\/person\/0792533ad97b233e962f7f2bb1ea3ca7\",\"name\":\"Reform Fenster\",\"image\":{\"@type\":\"ImageObject\",\"@id\":\"https:\/\/www.reform-fenster.at\/magazin\/#personlogo\",\"inLanguage\":\"de\",\"url\":\"https:\/\/secure.gravatar.com\/avatar\/acdce8112fa9c11ecf2cd1b6a08d31e9?s=96&d=mm&r=g\",\"caption\":\"Reform Fenster\"}}]}<\/script>\n<!-- \/ Yoast SEO plugin. -->","_links":{"self":[{"href":"https:\/\/www.reform-fenster.at\/magazin\/wp-json\/wp\/v2\/posts\/940"}],"collection":[{"href":"https:\/\/www.reform-fenster.at\/magazin\/wp-json\/wp\/v2\/posts"}],"about":[{"href":"https:\/\/www.reform-fenster.at\/magazin\/wp-json\/wp\/v2\/types\/post"}],"author":[{"embeddable":true,"href":"https:\/\/www.reform-fenster.at\/magazin\/wp-json\/wp\/v2\/users\/2"}],"replies":[{"embeddable":true,"href":"https:\/\/www.reform-fenster.at\/magazin\/wp-json\/wp\/v2\/comments?post=940"}],"version-history":[{"count":4,"href":"https:\/\/www.reform-fenster.at\/magazin\/wp-json\/wp\/v2\/posts\/940\/revisions"}],"predecessor-version":[{"id":8788,"href":"https:\/\/www.reform-fenster.at\/magazin\/wp-json\/wp\/v2\/posts\/940\/revisions\/8788"}],"wp:featuredmedia":[{"embeddable":true,"href":"https:\/\/www.reform-fenster.at\/magazin\/wp-json\/wp\/v2\/media\/935"}],"wp:attachment":[{"href":"https:\/\/www.reform-fenster.at\/magazin\/wp-json\/wp\/v2\/media?parent=940"}],"wp:term":[{"taxonomy":"category","embeddable":true,"href":"https:\/\/www.reform-fenster.at\/magazin\/wp-json\/wp\/v2\/categories?post=940"},{"taxonomy":"post_tag","embeddable":true,"href":"https:\/\/www.reform-fenster.at\/magazin\/wp-json\/wp\/v2\/tags?post=940"}],"curies":[{"name":"wp","href":"https:\/\/api.w.org\/{rel}","templated":true}]}}