{"id":8918,"date":"2019-11-22T10:23:34","date_gmt":"2019-11-22T09:23:34","guid":{"rendered":"https:\/\/www.reform-fenster.at\/magazin\/?p=8918"},"modified":"2019-11-26T17:58:20","modified_gmt":"2019-11-26T16:58:20","slug":"schimmel-vermeiden","status":"publish","type":"post","link":"https:\/\/www.reform-fenster.at\/magazin\/2019\/11\/22\/schimmel-vermeiden\/","title":{"rendered":"Keine Macht dem Schimmel! Expertentipps zur Schimmelvermeidung"},"content":{"rendered":"<h4>Schimmel in Innenr\u00e4umen ist nicht nur unansehnlich, sondern auch gesundheitsgef\u00e4hrdend.<br \/>\nMit unseren Tipps k\u00f6nnen Sie vorbeugen und brauchen sich keine Sorgen zu machen.<\/h4>\n<h2>Wie kommt der Schimmel in die Wohnung?<strong><br \/>\n<\/strong><\/h2>\n<p>Die h\u00e4ufigste Ursache f\u00fcr <strong>Schimmel im Wohnraum<\/strong> ist eine zu hohe Luftfeuchtigkeit. Schimmelpilze breiten sich mit Sporen \u00fcber die Luft aus. Feuchtigkeit ist ein idealer N\u00e4hrboden f\u00fcr sie, daher siedeln sie sich gerne an feuchten W\u00e4nden an.<br \/>\nFeuchtigkeit entsteht in jedem normalen Haushalt t\u00e4glich durch Haushaltst\u00e4tigkeiten, wie Kochen und W\u00e4schetrocknen oder Duschen und Baden. Aber auch durch Atmen und Schwitzen tr\u00e4gt jeder Mensch laufend zur Erh\u00f6hung der Luftfeuchtigkeit bei.<br \/>\nRasch steigt dann der Wert in den R\u00e4umen \u00fcber die empfohlene Obergrenze von 60 Prozent und der Schimmel findet gute Bedingungen vor, um sich auszubreiten.<\/p>\n<p>Grunds\u00e4tzlich kann Schimmel an jeder Wand auftreten. Die h\u00e4ufigsten Ursachen f\u00fcr Schimmelbildung sind:<\/p>\n<ul>\n<li>falsches L\u00fcften und Heizen<\/li>\n<li>fehlende oder zu schwache D\u00e4mmung<\/li>\n<li>undichte Stellen an D\u00e4chern, Fenstern sowie Risse im Mauerwerk<\/li>\n<\/ul>\n<h2>Praktische Tipps zur Schimmelvermeidung<\/h2>\n<p>Regelm\u00e4\u00dfiges L\u00fcften als Hilfe gegen Schimmelbefall haben wir bereits erw\u00e4hnt. <a href=\"https:\/\/www.reform-fenster.at\/magazin\/2019\/10\/28\/richtig-lueften\/\">Konkrete Tipps zum richtigen L\u00fcften finden Sie in diesem Blogbeitrag<\/a>.<\/p>\n<div id=\"attachment_8921\" style=\"width: 810px\" class=\"wp-caption alignnone\"><img aria-describedby=\"caption-attachment-8921\" loading=\"lazy\" class=\"wp-image-8921\" src=\"https:\/\/www.reform-fenster.at\/magazin\/wp-content\/uploads\/2019\/11\/L\u00fcften-1024x670.jpg\" alt=\"Regelm\u00e4\u00dfiges Luften kann Schimmelbildung vorbeugen\" width=\"800\" height=\"523\" srcset=\"https:\/\/www.reform-fenster.at\/magazin\/wp-content\/uploads\/2019\/11\/L\u00fcften-1024x670.jpg 1024w, https:\/\/www.reform-fenster.at\/magazin\/wp-content\/uploads\/2019\/11\/L\u00fcften-300x196.jpg 300w, https:\/\/www.reform-fenster.at\/magazin\/wp-content\/uploads\/2019\/11\/L\u00fcften.jpg 1300w\" sizes=\"(max-width: 800px) 100vw, 800px\" \/><p id=\"caption-attachment-8921\" class=\"wp-caption-text\">Regelm\u00e4\u00dfiges L\u00fcften kann Schimmelbildung vorbeugen<\/p><\/div>\n<h3><u>Richtiges Heizen<\/u><\/h3>\n<p>Ein weiterer wichtiger Aspekt, um Schimmelbefall zu vermeiden, ist das Heizen.<br \/>\nWarme Luft kann mehr Feuchtigkeit aufnehmen, als k\u00fchlere. Deshalb muss bei niedrigeren Raumtemperaturen \u00f6fter gel\u00fcftet werden.<br \/>\nR\u00e4ume sollten f\u00fcr ein gutes Raumklima weder unbeheizt noch \u00fcberheizt werden. Die Temperatur in unbenutzten R\u00e4umen sollten nicht unter die Mindesttemperatur von 16 \u00b0C sinken.<\/p>\n<h3><u>W\u00e4rmebr\u00fccken vermeiden<br \/>\n<\/u><\/h3>\n<p>Schimmel bildet sich h\u00e4ufig hinter Schr\u00e4nken und Bildern. Hier sind die W\u00e4nde k\u00fchler und meistens fehlt es an ausreichender Bel\u00fcftung.<br \/>\nSorgen Sie daf\u00fcr, dass zwischen Einrichtungsgegenst\u00e4nden und W\u00e4nden immer ein Abstand von mindestens f\u00fcnf bis zehn Zentimetern gegeben ist. Bei Bildern k\u00f6nnen Korkst\u00fccke zwischen Rahmen und Wand angebracht werden.<\/p>\n<h3><u>Fassadend\u00e4mmung<br \/>\n<\/u><\/h3>\n<p>Schimmel bildet sich vor allem an kalten Au\u00dfenw\u00e4nden. Hier kondensiert die Raumluft und das Mauerwerk wird feucht.<br \/>\nEine Au\u00dfenisolierung erh\u00f6ht die Oberfl\u00e4chentemperatur der W\u00e4nde im Inneren, verhindert Taubildung und beugt Schimmelbildung vor.<br \/>\nGenauso wie beim Fensteraustausch hilft eine gute Fassadend\u00e4mmung au\u00dferdem Energiekosten zu sparen.<\/p>\n<h3><u>M\u00f6blierung und Innenausstattung<\/u><\/h3>\n<p>Wohnr\u00e4ume mit \u00fcberwiegend versiegelten und dampfdiffusionsdichten Oberfl\u00e4chen, wie Kunststoff Glas oder Metall haben ein h\u00f6heres Schimmelrisiko, als solche mit vielen offenporigen, wie Holz, Textilien und Tapeten.<br \/>\nNat\u00fcrliche Materialien k\u00f6nnen Feuchtigkeit bis zum n\u00e4chsten L\u00fcften zwischenspeichern.<\/p>\n<div id=\"attachment_8920\" style=\"width: 810px\" class=\"wp-caption alignnone\"><img aria-describedby=\"caption-attachment-8920\" loading=\"lazy\" class=\"wp-image-8920\" src=\"https:\/\/www.reform-fenster.at\/magazin\/wp-content\/uploads\/2019\/11\/Richtiges-Heizen-1024x670.jpg\" alt=\"Richtig Heizen zur Vermeidung von Schimmel in der wohnung\" width=\"800\" height=\"523\" srcset=\"https:\/\/www.reform-fenster.at\/magazin\/wp-content\/uploads\/2019\/11\/Richtiges-Heizen-1024x670.jpg 1024w, https:\/\/www.reform-fenster.at\/magazin\/wp-content\/uploads\/2019\/11\/Richtiges-Heizen-300x196.jpg 300w, https:\/\/www.reform-fenster.at\/magazin\/wp-content\/uploads\/2019\/11\/Richtiges-Heizen.jpg 1300w\" sizes=\"(max-width: 800px) 100vw, 800px\" \/><p id=\"caption-attachment-8920\" class=\"wp-caption-text\">Bei der richtigen Beheizung des Wohnraums hat Schimmel keine Chance<\/p><\/div>\n<h2>Unser Spezialtipp bei Renovierung und Fenstertausch<\/h2>\n<p><a href=\"https:\/\/www.reform-fenster.at\/fenster\/fenster-im-ueberblick\">Moderne <strong>Fenster<\/strong>\u00a0<\/a> sind im Gegensatz zu \u00e4lteren Modellen wesentlich dichter und weisen einen niedrigen W\u00e4rmedurchgangswert auf.<br \/>\nDas bedeutet, dass nicht nur weniger W\u00e4rme aus den Innenr\u00e4umen nach drau\u00dfen abgegeben wird, sondern auch der Luftaustausch bei geschlossenem Fenster \u00e4u\u00dferst gering ist.<br \/>\nWerden alte Fenster durch neue ersetzt werden muss man das bedenken und schlicht und ergreifend h\u00e4ufiger L\u00fcften!<br \/>\nDurch regelm\u00e4\u00dfiges und ausreichendes \u00d6ffnen der Fenster wird mit der warmen, verbrauchten Luft auch die Feuchtigkeit aus dem Inneren nach Drau\u00dfen abgegeben. Im Gegenzug gelangt k\u00fchlere, trockenere Luft in den Wohnraum.<\/p>\n<p>Alte Fenster sorgen durch die geringe Dichte f\u00fcr einen st\u00e4ndigen Luftaustausch, der sich allerdings als Zugluft unangenehm bemerkbar macht und au\u00dferdem die Heizkosten nach oben treibt.<\/p>\n<p>Eine <a href=\"https:\/\/www.reform-fenster.at\/fenster\/reform-3s\/\"><strong>Renovierung alter Fenster<\/strong><\/a>\u00a0 lohnt sich in jedem Fall, weil Energie gespart und die Heizkosten verringert werden k\u00f6nnen. Den dank der Dichtheit der neuen Fenster geringeren Luftaustausch k\u00f6nnen Sie \u00fcber h\u00e4ufigeres und ausreichendes L\u00fcften ersetzten.<\/p>\n<p>Wir empfehlen Ihnen, wenn Sie neue Fenster bekommen haben, die Luftfeuchtigkeit vor allem in der Anfangszeit mit einem Hygrometer zu messen. So erhalten Sie ein Gef\u00fchl daf\u00fcr, wie h\u00e4ufig Sie einen Luftaustausch vornehmen m\u00fcssen, um ein gutes Raumklima herzustellen.<\/p>\n<h3>Wenn es trotzdem schimmelt?<\/h3>\n<p>Wenn sich trotz richtigem L\u00fcften und Heizen Schimmel bildet, liegt in den meisten F\u00e4llen ein Problem mit dem Mauerwerk vor. Kl\u00e4ren Sie ab, ob es in der Mauer Risse oder Feuchtigkeit durch undichte Rohre oder aufsteigende Bodenfeuchte gibt.<br \/>\nIst die Ursache abgekl\u00e4rt und behoben, m\u00fcssen Sie vorhandenen Schimmel unbedingt entfernen. Kleinen Befall k\u00f6nnen Sie selbst bek\u00e4mpfen.<br \/>\nVerwenden Sie f\u00fcr W\u00e4nde, Tapeten oder Fliesen drei- bis vierprozentige Essigessenz, alkoholhaltige Reinigungsmittel (mit 80 % Ethanol). 5-prozentige Sodal\u00f6sung oder Wasserstoffperoxid (5 \u2013 10 %).<br \/>\nZur Entfernung von gro\u00dffl\u00e4chigem Schimmelbefall sollten Sie Experten zu Rat ziehen.<\/p>\n<p>&nbsp;<\/p>\n<p>&nbsp;<\/p>\n","protected":false},"excerpt":{"rendered":"<p>Schimmel in Innenr\u00e4umen ist nicht nur unansehnlich, sondern auch gesundheitsgef\u00e4hrdend. Mit unseren Tipps k\u00f6nnen Sie vorbeugen und brauchen sich keine Sorgen zu machen. Wie kommt der Schimmel in die Wohnung? Die h\u00e4ufigste Ursache f\u00fcr Schimmel im Wohnraum ist eine zu hohe Luftfeuchtigkeit. Schimmelpilze breiten sich mit Sporen \u00fcber die Luft aus. Feuchtigkeit ist ein idealer&#8230;<\/p>\n","protected":false},"author":2,"featured_media":8919,"comment_status":"open","ping_status":"open","sticky":false,"template":"","format":"standard","meta":[],"categories":[116,3],"tags":[123,50],"yoast_head":"<!-- This site is optimized with the Yoast SEO plugin v14.7 - https:\/\/yoast.com\/wordpress\/plugins\/seo\/ -->\n<title>Keine Macht dem Schimmel! Expertentipps zur Schimmelvermeidung - Reform-Fenster Magazin<\/title>\n<meta name=\"description\" content=\"Schimmel in Innenr\u00e4umen ist nicht nur unansehnlich, sondern auch gesundheitsgef\u00e4hrdend.Mit unseren Tipps k\u00f6nnen Sie vorbeugen und brauchen sich keine Sorgen zu machen.\" \/>\n<meta name=\"robots\" content=\"index, follow\" \/>\n<meta name=\"googlebot\" content=\"index, follow, max-snippet:-1, max-image-preview:large, max-video-preview:-1\" \/>\n<meta name=\"bingbot\" content=\"index, follow, max-snippet:-1, max-image-preview:large, max-video-preview:-1\" \/>\n<link rel=\"canonical\" href=\"https:\/\/www.reform-fenster.at\/magazin\/2019\/11\/22\/schimmel-vermeiden\/\" \/>\n<meta property=\"og:locale\" content=\"de_DE\" \/>\n<meta property=\"og:type\" content=\"article\" \/>\n<meta property=\"og:title\" content=\"Keine Macht dem Schimmel! Expertentipps zur Schimmelvermeidung - Reform-Fenster Magazin\" \/>\n<meta property=\"og:description\" content=\"Schimmel in Innenr\u00e4umen ist nicht nur unansehnlich, sondern auch gesundheitsgef\u00e4hrdend.Mit unseren Tipps k\u00f6nnen Sie vorbeugen und brauchen sich keine Sorgen zu machen.\" \/>\n<meta property=\"og:url\" content=\"https:\/\/www.reform-fenster.at\/magazin\/2019\/11\/22\/schimmel-vermeiden\/\" \/>\n<meta property=\"og:site_name\" content=\"Reform-Fenster Magazin\" \/>\n<meta property=\"article:published_time\" content=\"2019-11-22T09:23:34+00:00\" \/>\n<meta property=\"article:modified_time\" content=\"2019-11-26T16:58:20+00:00\" \/>\n<meta property=\"og:image\" content=\"https:\/\/www.reform-fenster.at\/magazin\/wp-content\/uploads\/2019\/11\/M\u00f6blierung-und-Innenausstattung.jpg\" \/>\n\t<meta property=\"og:image:width\" content=\"1300\" \/>\n\t<meta property=\"og:image:height\" content=\"850\" \/>\n<meta name=\"twitter:card\" content=\"summary_large_image\" \/>\n<script type=\"application\/ld+json\" class=\"yoast-schema-graph\">{\"@context\":\"https:\/\/schema.org\",\"@graph\":[{\"@type\":\"WebSite\",\"@id\":\"https:\/\/www.reform-fenster.at\/magazin\/#website\",\"url\":\"https:\/\/www.reform-fenster.at\/magazin\/\",\"name\":\"Reform-Fenster Magazin\",\"description\":\"Magazin zum Thema Fenster und T\\u00fcren\",\"potentialAction\":[{\"@type\":\"SearchAction\",\"target\":\"https:\/\/www.reform-fenster.at\/magazin\/?s={search_term_string}\",\"query-input\":\"required name=search_term_string\"}],\"inLanguage\":\"de\"},{\"@type\":\"ImageObject\",\"@id\":\"https:\/\/www.reform-fenster.at\/magazin\/2019\/11\/22\/schimmel-vermeiden\/#primaryimage\",\"inLanguage\":\"de\",\"url\":\"https:\/\/www.reform-fenster.at\/magazin\/wp-content\/uploads\/2019\/11\/M\\u00f6blierung-und-Innenausstattung.jpg\",\"width\":1300,\"height\":850,\"caption\":\"Schimmelbildung vermeiden\"},{\"@type\":\"WebPage\",\"@id\":\"https:\/\/www.reform-fenster.at\/magazin\/2019\/11\/22\/schimmel-vermeiden\/#webpage\",\"url\":\"https:\/\/www.reform-fenster.at\/magazin\/2019\/11\/22\/schimmel-vermeiden\/\",\"name\":\"Keine Macht dem Schimmel! Expertentipps zur Schimmelvermeidung - Reform-Fenster Magazin\",\"isPartOf\":{\"@id\":\"https:\/\/www.reform-fenster.at\/magazin\/#website\"},\"primaryImageOfPage\":{\"@id\":\"https:\/\/www.reform-fenster.at\/magazin\/2019\/11\/22\/schimmel-vermeiden\/#primaryimage\"},\"datePublished\":\"2019-11-22T09:23:34+00:00\",\"dateModified\":\"2019-11-26T16:58:20+00:00\",\"author\":{\"@id\":\"https:\/\/www.reform-fenster.at\/magazin\/#\/schema\/person\/0792533ad97b233e962f7f2bb1ea3ca7\"},\"description\":\"Schimmel in Innenr\\u00e4umen ist nicht nur unansehnlich, sondern auch gesundheitsgef\\u00e4hrdend.Mit unseren Tipps k\\u00f6nnen Sie vorbeugen und brauchen sich keine Sorgen zu machen.\",\"inLanguage\":\"de\",\"potentialAction\":[{\"@type\":\"ReadAction\",\"target\":[\"https:\/\/www.reform-fenster.at\/magazin\/2019\/11\/22\/schimmel-vermeiden\/\"]}]},{\"@type\":[\"Person\"],\"@id\":\"https:\/\/www.reform-fenster.at\/magazin\/#\/schema\/person\/0792533ad97b233e962f7f2bb1ea3ca7\",\"name\":\"Reform Fenster\",\"image\":{\"@type\":\"ImageObject\",\"@id\":\"https:\/\/www.reform-fenster.at\/magazin\/#personlogo\",\"inLanguage\":\"de\",\"url\":\"https:\/\/secure.gravatar.com\/avatar\/acdce8112fa9c11ecf2cd1b6a08d31e9?s=96&d=mm&r=g\",\"caption\":\"Reform Fenster\"}}]}<\/script>\n<!-- \/ Yoast SEO plugin. -->","_links":{"self":[{"href":"https:\/\/www.reform-fenster.at\/magazin\/wp-json\/wp\/v2\/posts\/8918"}],"collection":[{"href":"https:\/\/www.reform-fenster.at\/magazin\/wp-json\/wp\/v2\/posts"}],"about":[{"href":"https:\/\/www.reform-fenster.at\/magazin\/wp-json\/wp\/v2\/types\/post"}],"author":[{"embeddable":true,"href":"https:\/\/www.reform-fenster.at\/magazin\/wp-json\/wp\/v2\/users\/2"}],"replies":[{"embeddable":true,"href":"https:\/\/www.reform-fenster.at\/magazin\/wp-json\/wp\/v2\/comments?post=8918"}],"version-history":[{"count":3,"href":"https:\/\/www.reform-fenster.at\/magazin\/wp-json\/wp\/v2\/posts\/8918\/revisions"}],"predecessor-version":[{"id":8930,"href":"https:\/\/www.reform-fenster.at\/magazin\/wp-json\/wp\/v2\/posts\/8918\/revisions\/8930"}],"wp:featuredmedia":[{"embeddable":true,"href":"https:\/\/www.reform-fenster.at\/magazin\/wp-json\/wp\/v2\/media\/8919"}],"wp:attachment":[{"href":"https:\/\/www.reform-fenster.at\/magazin\/wp-json\/wp\/v2\/media?parent=8918"}],"wp:term":[{"taxonomy":"category","embeddable":true,"href":"https:\/\/www.reform-fenster.at\/magazin\/wp-json\/wp\/v2\/categories?post=8918"},{"taxonomy":"post_tag","embeddable":true,"href":"https:\/\/www.reform-fenster.at\/magazin\/wp-json\/wp\/v2\/tags?post=8918"}],"curies":[{"name":"wp","href":"https:\/\/api.w.org\/{rel}","templated":true}]}}