{"id":8896,"date":"2019-10-28T08:23:25","date_gmt":"2019-10-28T07:23:25","guid":{"rendered":"https:\/\/www.reform-fenster.at\/magazin\/?p=8896"},"modified":"2019-10-18T09:37:28","modified_gmt":"2019-10-18T07:37:28","slug":"richtig-lueften","status":"publish","type":"post","link":"https:\/\/www.reform-fenster.at\/magazin\/2019\/10\/28\/richtig-lueften\/","title":{"rendered":"Vom Keller bis zum Dach &#8211; L\u00fcften will gelernt sein"},"content":{"rendered":"<h2><strong>Richtig l\u00fcften in der kalten Jahreszeit <\/strong><\/h2>\n<h4>L\u00fcften ist f\u00fcr das Raumklima und zur Schimmelvorbeugung unerl\u00e4sslich. Allerdings gelten bei k\u00fchleren Temperaturen andere Regeln, als in der hei\u00dfen Jahreszeit.<br \/>\nErfahren Sie in unserem Blog genau, wie Sie im Herbst und Winter den Luftaustausch vornehmen sollen.<\/h4>\n<h3><img loading=\"lazy\" class=\"alignnone wp-image-8901\" src=\"https:\/\/www.reform-fenster.at\/magazin\/wp-content\/uploads\/2019\/10\/1776-1024x683.jpg\" alt=\"L\u00fcften f\u00fcr das Raumklima\" width=\"600\" height=\"400\" srcset=\"https:\/\/www.reform-fenster.at\/magazin\/wp-content\/uploads\/2019\/10\/1776-1024x683.jpg 1024w, https:\/\/www.reform-fenster.at\/magazin\/wp-content\/uploads\/2019\/10\/1776-300x200.jpg 300w, https:\/\/www.reform-fenster.at\/magazin\/wp-content\/uploads\/2019\/10\/1776.jpg 1920w\" sizes=\"(max-width: 600px) 100vw, 600px\" \/><\/h3>\n<h3>Heizen und L\u00fcften \u2013 ein Widerspruch?<\/h3>\n<p>Eigentlich erscheint es unlogisch im Winter die kalte Luft von drau\u00dfen in die teuer erw\u00e4rmte Heizungsluft der Wohnr\u00e4ume hereinzulassen.<\/p>\n<p>Wenn man aber etwas nachforscht, wird klar, dass richtiges und regelm\u00e4\u00dfiges L\u00fcften in der kalten Jahreszeit nicht nur Schimmelbildung vorbeugt, sondern auch hilft Heizungsenergie einzusparen.<\/p>\n<p>Grund daf\u00fcr ist, dass Luft die nat\u00fcrliche Eigenschaft hat, Wasser in Form von Wasserdampf zu speichern. Je h\u00f6her die Lufttemperatur ist, umso besser kann die Luft Feuchtigkeit aufnehmen. Allerdings ist zum Erw\u00e4rmen feuchter Luft wesentlich mehr Heizenergie n\u00f6tig, als f\u00fcr trockene. Hier hilft das L\u00fcften. Im Winter kommt dabei kalte Au\u00dfenluft in die Wohnung, die sehr trocken ist, w\u00e4hrend die feuchte, warme Luft aus dem Inneren abgeleitet wird. Zum Heizen der k\u00e4lteren Luft ist weniger Heizenergie n\u00f6tig, als f\u00fcr die feuchte.<\/p>\n<p>Au\u00dferdem nimmt die trockene Luft beim Erw\u00e4rmen Wasserdampf auf, der beim n\u00e4chsten L\u00fcften nach drau\u00dfen abgegeben werden kann.<\/p>\n<p>So wird die Raumfeuchtigkeit reguliert und beschlagene Fenster oder feuchte Au\u00dfenw\u00e4nde vermieden werden. Das beugt gezielt Schimmelbildung in den Innenr\u00e4umen vor.<\/p>\n<h3>Kurz und quer \u2013 richtiges L\u00fcften im Winter<\/h3>\n<p>In der kalten Jahreszeit muss L\u00fcften kurz und effektiv geschehen.<\/p>\n<p>Gehen Sie dazu wie folgt vor:<\/p>\n<ul>\n<li>Drehen Sie die Heizung ab.<\/li>\n<li>\u00d6ffnen Sie die Fenster so weit es geht.<\/li>\n<li>Sorgen Sie, wo m\u00f6glich, f\u00fcr Durchzug, indem Sie gegen\u00fcberliegende Fenster \u00f6ffnen.<\/li>\n<li>Schlie\u00dfen Sie die Fenster komplett.<\/li>\n<li>Vergessen Sie nicht, die Heizung wieder aufzudrehen.<\/li>\n<\/ul>\n<p>Im Winter sollten die Fenster nicht gekippt werden. Der Luftaustausch erfolgt dar\u00fcber zu langsam. Au\u00dferdem vergisst man gekippte Fenster schnell und dann entweicht zu viel W\u00e4rme.<\/p>\n<div id=\"attachment_8900\" style=\"width: 610px\" class=\"wp-caption alignnone\"><img aria-describedby=\"caption-attachment-8900\" loading=\"lazy\" class=\"wp-image-8900\" src=\"https:\/\/www.reform-fenster.at\/magazin\/wp-content\/uploads\/2019\/10\/T\u00e4glich-mehrmals-richtig-L\u00fcften-682x1024.jpg\" alt=\"T\u00e4glich mehrmals richtig L\u00fcften\" width=\"600\" height=\"900\" srcset=\"https:\/\/www.reform-fenster.at\/magazin\/wp-content\/uploads\/2019\/10\/T\u00e4glich-mehrmals-richtig-L\u00fcften-682x1024.jpg 682w, https:\/\/www.reform-fenster.at\/magazin\/wp-content\/uploads\/2019\/10\/T\u00e4glich-mehrmals-richtig-L\u00fcften-200x300.jpg 200w, https:\/\/www.reform-fenster.at\/magazin\/wp-content\/uploads\/2019\/10\/T\u00e4glich-mehrmals-richtig-L\u00fcften.jpg 853w\" sizes=\"(max-width: 600px) 100vw, 600px\" \/><p id=\"caption-attachment-8900\" class=\"wp-caption-text\">T\u00e4glich mehrmals L\u00fcften ist gut f\u00fcr das Raumklima<\/p><\/div>\n<h3>Fenster auf \u2013 wie oft?<\/h3>\n<p>Im Herbst ist die Au\u00dfenluft noch nicht so k\u00fchl und trocken wie im Winter. Daher muss zu dieser Jahreszeit l\u00e4nger gel\u00fcftet werden, als w\u00e4hrend der Winterzeit.<\/p>\n<p>Idealerweise sollte das L\u00fcften vier Mal t\u00e4glich gemacht werden. Ist man tags\u00fcber nicht daheim, ist das nat\u00fcrlich nicht m\u00f6glich. Dann sollte in jedem Fall morgens und abends frische Luft hereingelassen werden.<\/p>\n<p>Als Orientierung gelten bei vier Mal L\u00fcften pro Tag folgende Richtwerte f\u00fcr die Dauer:<\/p>\n<ul>\n<li>Oktober: 20 Minuten<\/li>\n<li>November: 10 Minuten<\/li>\n<li>Dezember: 5 Minuten<\/li>\n<li>J\u00e4nner: 5 Minuten<\/li>\n<li>Februar: 5 Minuten<\/li>\n<li>M\u00e4rz: 10 Minuten<\/li>\n<\/ul>\n<h3>Sonderf\u00e4lle: L\u00fcften in K\u00fcche, Bad, Schlafzimmer und Keller<\/h3>\n<p>In Badezimmer und K\u00fcche wird besonders viel Wasserdampf an die Luft abgegeben.<\/p>\n<p>Um die Luftfeuchtigkeit m\u00f6glichst rasch wieder zu senken, sollten Sie in diesen R\u00e4umen die Fenster sofort nach dem Duschen, Baden oder Kochen \u00f6ffnen.<\/p>\n<p>Im Schlafzimmer steigt die Raumluftfeuchte durch das Atmen ebenfalls stark an. Empfehlenswert ist es, in diesen Raum vor dem Schlafengehen und sofort nach dem Aufwachen zu l\u00fcften.<\/p>\n<p>Kellerr\u00e4ume sind im Normalfall die k\u00e4ltesten R\u00e4ume eines Hauses. Sind sie nicht beheizt, k\u00f6nnen Sie die Fenster im Keller w\u00e4hrend der Winterzeit problemlos gekippt lassen. Dann kann feuchte und oft etwas modrige Luft abziehen und trockene Luft eindringen.<\/p>\n<h3>Wie feucht ist zu feucht?<\/h3>\n<p>F\u00fcr ein gutes Raumklima wird eine relative Luftfeuchtigkeit zwischen 30 und 60 Prozent und eine Raumtemperatur zwischen 19 und 22 \u00b0C empfohlen.<\/p>\n<p>Wenn Sie es genau wissen wollen, k\u00f6nnen Sie mit einem Hygrometer die Feuchtigkeit in den R\u00e4umen messen.<\/p>\n<p>&nbsp;<\/p>\n","protected":false},"excerpt":{"rendered":"<p>Richtig l\u00fcften in der kalten Jahreszeit L\u00fcften ist f\u00fcr das Raumklima und zur Schimmelvorbeugung unerl\u00e4sslich. Allerdings gelten bei k\u00fchleren Temperaturen andere Regeln, als in der hei\u00dfen Jahreszeit. Erfahren Sie in unserem Blog genau, wie Sie im Herbst und Winter den Luftaustausch vornehmen sollen. Heizen und L\u00fcften \u2013 ein Widerspruch? Eigentlich erscheint es unlogisch im Winter&#8230;<\/p>\n","protected":false},"author":2,"featured_media":8898,"comment_status":"open","ping_status":"open","sticky":false,"template":"","format":"standard","meta":[],"categories":[3],"tags":[121,97,51],"yoast_head":"<!-- This site is optimized with the Yoast SEO plugin v14.7 - https:\/\/yoast.com\/wordpress\/plugins\/seo\/ -->\n<title>Richtig l\u00fcften in der kalten Jahreszeit - Reform-Fenster Magazin<\/title>\n<meta name=\"description\" content=\"Richtig L\u00fcften ist f\u00fcr das Raumklima und zur Schimmelvorbeugung unerl\u00e4sslich. Allerdings gelten bei k\u00fchleren Temperaturen andere Regeln, als in der hei\u00dfen Jahreszeit.\" \/>\n<meta name=\"robots\" content=\"index, follow\" \/>\n<meta name=\"googlebot\" content=\"index, follow, max-snippet:-1, max-image-preview:large, max-video-preview:-1\" \/>\n<meta name=\"bingbot\" content=\"index, follow, max-snippet:-1, max-image-preview:large, max-video-preview:-1\" \/>\n<link rel=\"canonical\" href=\"https:\/\/www.reform-fenster.at\/magazin\/2019\/10\/28\/richtig-lueften\/\" \/>\n<meta property=\"og:locale\" content=\"de_DE\" \/>\n<meta property=\"og:type\" content=\"article\" \/>\n<meta property=\"og:title\" content=\"Richtig l\u00fcften in der kalten Jahreszeit - Reform-Fenster Magazin\" \/>\n<meta property=\"og:description\" content=\"Richtig L\u00fcften ist f\u00fcr das Raumklima und zur Schimmelvorbeugung unerl\u00e4sslich. Allerdings gelten bei k\u00fchleren Temperaturen andere Regeln, als in der hei\u00dfen Jahreszeit.\" \/>\n<meta property=\"og:url\" content=\"https:\/\/www.reform-fenster.at\/magazin\/2019\/10\/28\/richtig-lueften\/\" \/>\n<meta property=\"og:site_name\" content=\"Reform-Fenster Magazin\" \/>\n<meta property=\"article:published_time\" content=\"2019-10-28T07:23:25+00:00\" \/>\n<meta property=\"article:modified_time\" content=\"2019-10-18T07:37:28+00:00\" \/>\n<meta property=\"og:image\" content=\"https:\/\/www.reform-fenster.at\/magazin\/wp-content\/uploads\/2019\/10\/L\u00fcften-in-der-kalte-Jahreszeit.jpg\" \/>\n\t<meta property=\"og:image:width\" content=\"1920\" \/>\n\t<meta property=\"og:image:height\" content=\"1272\" \/>\n<meta name=\"twitter:card\" content=\"summary_large_image\" \/>\n<script type=\"application\/ld+json\" class=\"yoast-schema-graph\">{\"@context\":\"https:\/\/schema.org\",\"@graph\":[{\"@type\":\"WebSite\",\"@id\":\"https:\/\/www.reform-fenster.at\/magazin\/#website\",\"url\":\"https:\/\/www.reform-fenster.at\/magazin\/\",\"name\":\"Reform-Fenster Magazin\",\"description\":\"Magazin zum Thema Fenster und T\\u00fcren\",\"potentialAction\":[{\"@type\":\"SearchAction\",\"target\":\"https:\/\/www.reform-fenster.at\/magazin\/?s={search_term_string}\",\"query-input\":\"required name=search_term_string\"}],\"inLanguage\":\"de\"},{\"@type\":\"ImageObject\",\"@id\":\"https:\/\/www.reform-fenster.at\/magazin\/2019\/10\/28\/richtig-lueften\/#primaryimage\",\"inLanguage\":\"de\",\"url\":\"https:\/\/www.reform-fenster.at\/magazin\/wp-content\/uploads\/2019\/10\/L\\u00fcften-in-der-kalte-Jahreszeit.jpg\",\"width\":1920,\"height\":1272,\"caption\":\"Richtig L\\u00fcften im Herbst und Winter\"},{\"@type\":\"WebPage\",\"@id\":\"https:\/\/www.reform-fenster.at\/magazin\/2019\/10\/28\/richtig-lueften\/#webpage\",\"url\":\"https:\/\/www.reform-fenster.at\/magazin\/2019\/10\/28\/richtig-lueften\/\",\"name\":\"Richtig l\\u00fcften in der kalten Jahreszeit - Reform-Fenster Magazin\",\"isPartOf\":{\"@id\":\"https:\/\/www.reform-fenster.at\/magazin\/#website\"},\"primaryImageOfPage\":{\"@id\":\"https:\/\/www.reform-fenster.at\/magazin\/2019\/10\/28\/richtig-lueften\/#primaryimage\"},\"datePublished\":\"2019-10-28T07:23:25+00:00\",\"dateModified\":\"2019-10-18T07:37:28+00:00\",\"author\":{\"@id\":\"https:\/\/www.reform-fenster.at\/magazin\/#\/schema\/person\/0792533ad97b233e962f7f2bb1ea3ca7\"},\"description\":\"Richtig L\\u00fcften ist f\\u00fcr das Raumklima und zur Schimmelvorbeugung unerl\\u00e4sslich. Allerdings gelten bei k\\u00fchleren Temperaturen andere Regeln, als in der hei\\u00dfen Jahreszeit.\",\"inLanguage\":\"de\",\"potentialAction\":[{\"@type\":\"ReadAction\",\"target\":[\"https:\/\/www.reform-fenster.at\/magazin\/2019\/10\/28\/richtig-lueften\/\"]}]},{\"@type\":[\"Person\"],\"@id\":\"https:\/\/www.reform-fenster.at\/magazin\/#\/schema\/person\/0792533ad97b233e962f7f2bb1ea3ca7\",\"name\":\"Reform Fenster\",\"image\":{\"@type\":\"ImageObject\",\"@id\":\"https:\/\/www.reform-fenster.at\/magazin\/#personlogo\",\"inLanguage\":\"de\",\"url\":\"https:\/\/secure.gravatar.com\/avatar\/acdce8112fa9c11ecf2cd1b6a08d31e9?s=96&d=mm&r=g\",\"caption\":\"Reform Fenster\"}}]}<\/script>\n<!-- \/ Yoast SEO plugin. -->","_links":{"self":[{"href":"https:\/\/www.reform-fenster.at\/magazin\/wp-json\/wp\/v2\/posts\/8896"}],"collection":[{"href":"https:\/\/www.reform-fenster.at\/magazin\/wp-json\/wp\/v2\/posts"}],"about":[{"href":"https:\/\/www.reform-fenster.at\/magazin\/wp-json\/wp\/v2\/types\/post"}],"author":[{"embeddable":true,"href":"https:\/\/www.reform-fenster.at\/magazin\/wp-json\/wp\/v2\/users\/2"}],"replies":[{"embeddable":true,"href":"https:\/\/www.reform-fenster.at\/magazin\/wp-json\/wp\/v2\/comments?post=8896"}],"version-history":[{"count":3,"href":"https:\/\/www.reform-fenster.at\/magazin\/wp-json\/wp\/v2\/posts\/8896\/revisions"}],"predecessor-version":[{"id":8903,"href":"https:\/\/www.reform-fenster.at\/magazin\/wp-json\/wp\/v2\/posts\/8896\/revisions\/8903"}],"wp:featuredmedia":[{"embeddable":true,"href":"https:\/\/www.reform-fenster.at\/magazin\/wp-json\/wp\/v2\/media\/8898"}],"wp:attachment":[{"href":"https:\/\/www.reform-fenster.at\/magazin\/wp-json\/wp\/v2\/media?parent=8896"}],"wp:term":[{"taxonomy":"category","embeddable":true,"href":"https:\/\/www.reform-fenster.at\/magazin\/wp-json\/wp\/v2\/categories?post=8896"},{"taxonomy":"post_tag","embeddable":true,"href":"https:\/\/www.reform-fenster.at\/magazin\/wp-json\/wp\/v2\/tags?post=8896"}],"curies":[{"name":"wp","href":"https:\/\/api.w.org\/{rel}","templated":true}]}}