{"id":442,"date":"2018-11-01T13:44:40","date_gmt":"2018-11-01T12:44:40","guid":{"rendered":"https:\/\/www.reform-fenster.at\/blog\/?p=442"},"modified":"2019-09-05T16:30:02","modified_gmt":"2019-09-05T14:30:02","slug":"unsere-staerken-im-fensterbau","status":"publish","type":"post","link":"https:\/\/www.reform-fenster.at\/magazin\/2018\/11\/01\/unsere-staerken-im-fensterbau\/","title":{"rendered":"Unsere St\u00e4rken im Fensterbau"},"content":{"rendered":"<section class=\"l-section wpb_row height_medium\"><div class=\"l-section-h i-cf\"><div class=\"g-cols vc_row type_default valign_top\"><div class=\"vc_col-sm-12 wpb_column vc_column_container\"><div class=\"vc_column-inner\"><div class=\"wpb_wrapper\"><div class=\"wpb_text_column\" ><div class=\"wpb_wrapper\"><p><strong>REFORM bietet rund um den Fensterkauf alles aus einer Hand: umfangreiche Beratung, individuelle Planung und fachgerechte Montage. Unsere Fensterexperten begleiten Sie durch Ihr ganzes Bauvorhaben und Sie haben f\u00fcr alle Bereiche immer denselben Ansprechpartner, selbstverst\u00e4ndlich auch bei jeglichen Zusatzprodukten wie Fensterb\u00e4nke oder Sonnenschutz. Vor allem im Neubau unterst\u00fctzen wir Sie gerne in der Planungsphase m\u00f6glichst fr\u00fch, um f\u00fcr Sie die besten L\u00f6sungen hinsichtlich Lichteinfall, Wohnraumklima, Einbruch- und Sonnenschutz zu finden<\/strong>.<\/p>\n<p>Im Zentrum all unserer \u00dcberlegungen steht dabei immer die Steigerung Ihrer Wohnqualit\u00e4t. Durch hochwertige Werkstoffe und leistungsf\u00e4hige Produkte setzen wir in Ihrem Eigenheim die richtigen Ma\u00dfnahmen in den Bereichen W\u00e4rmed\u00e4mmung, Schalld\u00e4mmung, Sicherheit und Komfort.<\/p>\n<p>&nbsp;<\/p>\n<h2>Ideale W\u00e4rmed\u00e4mmung mit REFORM<\/h2>\n<p>REFORM Fenster setzen neue Ma\u00dfst\u00e4be in der W\u00e4rmed\u00e4mmung. F\u00fcr Fenster vom Passivhausstandard bis zum Niedrigenergiehaus. Fenster von REFORM erm\u00f6glichen Ihnen durch Qualit\u00e4ts-W\u00e4rmed\u00e4mmglas Ihren Energieverbrauch deutlich zu senken. Kombiniert mit einer Mitteldichtung sowie einem integrierten Thermomodul, erzielen sie herausragende W\u00e4rmed\u00e4mmwerte. Da die \u00e4u\u00dferst stabile Profilkonstruktion keinen Stahl ben\u00f6tigt, entfallen im Gegensatz zu herk\u00f6mmlichen Fenstern auch W\u00e4rmebr\u00fccken, \u00fcber die in der Regel wertvolle Energie verloren geht. Mit REFORM Fenstern k\u00f6nnen Sie also Ihren Energiehaushalt optimieren und gleichzeitig einen aktiven Beitrag zur Schonung unserer Umwelt leisten.<\/p>\n<p>&nbsp;<\/p>\n<h2>Optimale Schalld\u00e4mmung mit REFORM<\/h2>\n<p>REFORM Fenster sorgen f\u00fcr die n\u00f6tige Ruhe und damit f\u00fcr mehr Wohlbefinden in Ihrem Zuhause. Verkehrsl\u00e4rm ist unangenehm, st\u00f6rt den Schlaf, erh\u00f6ht den Stresslevel und gef\u00e4hrdet auf Dauer Ihre Gesundheit. Mit unseren Fenstern sind sie gegen diese negativen St\u00f6rfaktoren von au\u00dfen bestens gewappnet. Denn unsere Fensterprofile erreichen Schalld\u00e4mmwerte der Schutzklasse 5. Sie erzeugen ein Raumklima mit maximaler Ruhe und h\u00f6chstem Wohnkomfort.<\/p>\n<p>&nbsp;<\/p>\n<p>&nbsp;<\/p>\n<p><img loading=\"lazy\" class=\"size-large wp-image-446 alignnone\" src=\"https:\/\/www.reform-fenster.at\/magazin\/wp-content\/uploads\/2018\/11\/Bild-Fenster-1024x639.jpg\" alt=\"\" width=\"1024\" height=\"639\" srcset=\"https:\/\/www.reform-fenster.at\/magazin\/wp-content\/uploads\/2018\/11\/Bild-Fenster-1024x639.jpg 1024w, https:\/\/www.reform-fenster.at\/magazin\/wp-content\/uploads\/2018\/11\/Bild-Fenster-300x187.jpg 300w, https:\/\/www.reform-fenster.at\/magazin\/wp-content\/uploads\/2018\/11\/Bild-Fenster.jpg 1200w\" sizes=\"(max-width: 1024px) 100vw, 1024px\" \/><\/p>\n<p>&nbsp;<\/p>\n<h2>H\u00f6chste Sicherheit mit REFORM<\/h2>\n<p>REFORM Fenster garantieren Ihnen in Ihrem Wohnbereich Sicherheit auf h\u00f6chstem Niveau \u2013 von innen wie von au\u00dfen. Durch hochwertige Beschl\u00e4ge, Schl\u00f6sser und Griffe in Kombination mit verschiedenen Sicherheitssystemen bieten REFORM Fenster optimalen Schutz vor Einbr\u00fcchen oder Unf\u00e4llen. In der <strong><a href=\"https:\/\/www.reform-fenster.at\/qualitaetsprodukte\/reform-fenster\/geneo-fenster-im-ueberblick.html\">GENEO\u00ae-Serie<\/a><\/strong> ist zudem standardgem\u00e4\u00df und ohne Zusatzkosten bei jedem Fenster ein umlaufender Sicherheitsbeschlag verbaut der das beliebte Aushebeln der Fensterfl\u00fcgel verhindert.<\/p>\n<p>&nbsp;<\/p>\n<h2>Maximaler Komfort und einfache Pflege mit REFORM<\/h2>\n<p>REFORM Fenster sind bis ins letzte Detail durchdacht und den unterschiedlichen Bed\u00fcrfnissen und W\u00fcnschen der Kunden angepasst. Drei umlaufende Dichtungsebenen sorgen f\u00fcr einen optimierten Schlie\u00dfdruck, der den Kraftaufwand zum \u00d6ffnen und Schlie\u00dfen deutlich reduziert. Unsere Fenster sind zudem langlebig, witterungsbest\u00e4ndig und pflegeleicht. Die hochwertige Beschichtung sorgt auch bei der Reinigung f\u00fcr h\u00f6chsten Komfort. Die edlen, glatten Oberfl\u00e4chen sind weniger schmutzanf\u00e4llig und lassen sich dadurch besonders leicht reinigen.<\/p>\n<\/div><\/div><\/div><\/div><\/div><\/div><\/div><\/section>\n","protected":false},"excerpt":{"rendered":"REFORM bietet rund um den Fensterkauf alles aus einer Hand: umfangreiche Beratung, individuelle Planung und fachgerechte Montage. Unsere Fensterexperten begleiten Sie durch Ihr ganzes Bauvorhaben und Sie haben f\u00fcr alle Bereiche immer denselben Ansprechpartner, selbstverst\u00e4ndlich auch bei jeglichen Zusatzprodukten wie Fensterb\u00e4nke oder Sonnenschutz. Vor allem im Neubau unterst\u00fctzen wir Sie gerne in der Planungsphase m\u00f6glichst...","protected":false},"author":2,"featured_media":445,"comment_status":"open","ping_status":"open","sticky":false,"template":"","format":"standard","meta":[],"categories":[30],"tags":[33,34,35],"yoast_head":"<!-- This site is optimized with the Yoast SEO plugin v14.7 - https:\/\/yoast.com\/wordpress\/plugins\/seo\/ -->\n<title>Unsere St\u00e4rken im Fensterbau - Reform-Fenster Magazin<\/title>\n<meta name=\"description\" content=\"REFORM bietet rund um den Fensterkauf alles aus einer Hand: umfangreiche Beratung, individuelle Planung und fachgerechte Montage.\" \/>\n<meta name=\"robots\" content=\"index, follow\" \/>\n<meta name=\"googlebot\" content=\"index, follow, max-snippet:-1, max-image-preview:large, max-video-preview:-1\" \/>\n<meta name=\"bingbot\" content=\"index, follow, max-snippet:-1, max-image-preview:large, max-video-preview:-1\" \/>\n<link rel=\"canonical\" href=\"https:\/\/www.reform-fenster.at\/magazin\/2018\/11\/01\/unsere-staerken-im-fensterbau\/\" \/>\n<meta property=\"og:locale\" content=\"de_DE\" \/>\n<meta property=\"og:type\" content=\"article\" \/>\n<meta property=\"og:title\" content=\"Unsere St\u00e4rken im Fensterbau - Reform-Fenster Magazin\" \/>\n<meta property=\"og:description\" content=\"REFORM bietet rund um den Fensterkauf alles aus einer Hand: umfangreiche Beratung, individuelle Planung und fachgerechte Montage.\" \/>\n<meta property=\"og:url\" content=\"https:\/\/www.reform-fenster.at\/magazin\/2018\/11\/01\/unsere-staerken-im-fensterbau\/\" \/>\n<meta property=\"og:site_name\" content=\"Reform-Fenster Magazin\" \/>\n<meta property=\"article:published_time\" content=\"2018-11-01T12:44:40+00:00\" \/>\n<meta property=\"article:modified_time\" content=\"2019-09-05T14:30:02+00:00\" \/>\n<meta property=\"og:image\" content=\"https:\/\/www.reform-fenster.at\/magazin\/wp-content\/uploads\/2018\/11\/Reform-Firmenzentrale.jpg\" \/>\n\t<meta property=\"og:image:width\" content=\"1200\" \/>\n\t<meta property=\"og:image:height\" content=\"685\" \/>\n<meta name=\"twitter:card\" content=\"summary_large_image\" \/>\n<script type=\"application\/ld+json\" class=\"yoast-schema-graph\">{\"@context\":\"https:\/\/schema.org\",\"@graph\":[{\"@type\":\"WebSite\",\"@id\":\"https:\/\/www.reform-fenster.at\/magazin\/#website\",\"url\":\"https:\/\/www.reform-fenster.at\/magazin\/\",\"name\":\"Reform-Fenster Magazin\",\"description\":\"Magazin zum Thema Fenster und T\\u00fcren\",\"potentialAction\":[{\"@type\":\"SearchAction\",\"target\":\"https:\/\/www.reform-fenster.at\/magazin\/?s={search_term_string}\",\"query-input\":\"required name=search_term_string\"}],\"inLanguage\":\"de\"},{\"@type\":\"ImageObject\",\"@id\":\"https:\/\/www.reform-fenster.at\/magazin\/2018\/11\/01\/unsere-staerken-im-fensterbau\/#primaryimage\",\"inLanguage\":\"de\",\"url\":\"https:\/\/www.reform-fenster.at\/magazin\/wp-content\/uploads\/2018\/11\/Reform-Firmenzentrale.jpg\",\"width\":1200,\"height\":685,\"caption\":\"\"},{\"@type\":\"WebPage\",\"@id\":\"https:\/\/www.reform-fenster.at\/magazin\/2018\/11\/01\/unsere-staerken-im-fensterbau\/#webpage\",\"url\":\"https:\/\/www.reform-fenster.at\/magazin\/2018\/11\/01\/unsere-staerken-im-fensterbau\/\",\"name\":\"Unsere St\\u00e4rken im Fensterbau - Reform-Fenster Magazin\",\"isPartOf\":{\"@id\":\"https:\/\/www.reform-fenster.at\/magazin\/#website\"},\"primaryImageOfPage\":{\"@id\":\"https:\/\/www.reform-fenster.at\/magazin\/2018\/11\/01\/unsere-staerken-im-fensterbau\/#primaryimage\"},\"datePublished\":\"2018-11-01T12:44:40+00:00\",\"dateModified\":\"2019-09-05T14:30:02+00:00\",\"author\":{\"@id\":\"https:\/\/www.reform-fenster.at\/magazin\/#\/schema\/person\/0792533ad97b233e962f7f2bb1ea3ca7\"},\"description\":\"REFORM bietet rund um den Fensterkauf alles aus einer Hand: umfangreiche Beratung, individuelle Planung und fachgerechte Montage.\",\"inLanguage\":\"de\",\"potentialAction\":[{\"@type\":\"ReadAction\",\"target\":[\"https:\/\/www.reform-fenster.at\/magazin\/2018\/11\/01\/unsere-staerken-im-fensterbau\/\"]}]},{\"@type\":[\"Person\"],\"@id\":\"https:\/\/www.reform-fenster.at\/magazin\/#\/schema\/person\/0792533ad97b233e962f7f2bb1ea3ca7\",\"name\":\"Reform Fenster\",\"image\":{\"@type\":\"ImageObject\",\"@id\":\"https:\/\/www.reform-fenster.at\/magazin\/#personlogo\",\"inLanguage\":\"de\",\"url\":\"https:\/\/secure.gravatar.com\/avatar\/acdce8112fa9c11ecf2cd1b6a08d31e9?s=96&d=mm&r=g\",\"caption\":\"Reform Fenster\"}}]}<\/script>\n<!-- \/ Yoast SEO plugin. -->","_links":{"self":[{"href":"https:\/\/www.reform-fenster.at\/magazin\/wp-json\/wp\/v2\/posts\/442"}],"collection":[{"href":"https:\/\/www.reform-fenster.at\/magazin\/wp-json\/wp\/v2\/posts"}],"about":[{"href":"https:\/\/www.reform-fenster.at\/magazin\/wp-json\/wp\/v2\/types\/post"}],"author":[{"embeddable":true,"href":"https:\/\/www.reform-fenster.at\/magazin\/wp-json\/wp\/v2\/users\/2"}],"replies":[{"embeddable":true,"href":"https:\/\/www.reform-fenster.at\/magazin\/wp-json\/wp\/v2\/comments?post=442"}],"version-history":[{"count":5,"href":"https:\/\/www.reform-fenster.at\/magazin\/wp-json\/wp\/v2\/posts\/442\/revisions"}],"predecessor-version":[{"id":8859,"href":"https:\/\/www.reform-fenster.at\/magazin\/wp-json\/wp\/v2\/posts\/442\/revisions\/8859"}],"wp:featuredmedia":[{"embeddable":true,"href":"https:\/\/www.reform-fenster.at\/magazin\/wp-json\/wp\/v2\/media\/445"}],"wp:attachment":[{"href":"https:\/\/www.reform-fenster.at\/magazin\/wp-json\/wp\/v2\/media?parent=442"}],"wp:term":[{"taxonomy":"category","embeddable":true,"href":"https:\/\/www.reform-fenster.at\/magazin\/wp-json\/wp\/v2\/categories?post=442"},{"taxonomy":"post_tag","embeddable":true,"href":"https:\/\/www.reform-fenster.at\/magazin\/wp-json\/wp\/v2\/tags?post=442"}],"curies":[{"name":"wp","href":"https:\/\/api.w.org\/{rel}","templated":true}]}}